{"id":12785,"date":"2024-06-22T12:24:00","date_gmt":"2024-06-22T10:24:00","guid":{"rendered":"https:\/\/demarquet.com\/?post_type=blog&#038;p=12785"},"modified":"2024-06-22T12:24:00","modified_gmt":"2024-06-22T10:24:00","slug":"borsette-a-spalla-mini-accessori-eleganti-per-ogni-outfit","status":"publish","type":"blog","link":"https:\/\/demarquet.com\/de\/blog\/borsette-a-spalla-mini-accessori-eleganti-per-ogni-outfit\/","title":{"rendered":"Borsetta a spalla mini: ein St\u00fcck Eleganz f\u00fcr jedes Outfit"},"content":{"rendered":"<p class=\"p1\">Le <b>borsette a spalla mini<\/b> sono diventate un accessorio immancabile nel guardaroba di ogni donna.<\/p>\n<p class=\"p1\">Klein, aber vielseitig, k\u00f6nnen diese Schuhe jedes Outfit mit einem Hauch von Eleganz und Raffinesse vervollst\u00e4ndigen.<\/p>\n<p class=\"p1\">In diesem Artikel erforschen wir die Welt der <b>borsette a spalla mini<\/b>, fornendo consigli su come sceglierle, abbinarle e utilizzarle al meglio per valorizzare ogni look.<\/p>\n<h2 class=\"p1\"><b>1. Perch\u00e9 scegliere una borsetta a spalla mini?<\/b><\/h2>\n<p class=\"p1\">Le <b>borsette a spalla mini<\/b> offrono numerosi vantaggi rispetto alle <b>borse pi\u00f9 grandi<\/b>.<\/p>\n<ul class=\"ul1\">\n<li class=\"li1\">Im Inneren sind sie sehr kompakt und beweglich, ideal f\u00fcr alle, die einen dynamischen Lebensstil haben und ihre H\u00e4nde frei haben m\u00fcssen.<\/li>\n<li class=\"li1\">In secondo luogo, sono incredibilmente versatili e possono essere abbinate a qualsiasi tipo di outfit, da quelli casual a quelli pi\u00f9 eleganti.<\/li>\n<li class=\"li1\">Inoltre, le <b>borsette a spalla mini<\/b> sind mit viel Liebe zum Detail und aus hochwertigen Materialien hergestellt, so dass sie zu jeder Gelegenheit ein echtes und einzigartiges Geschenk sind.<\/li>\n<\/ul>\n<h2 class=\"p1\"><b>2. Come scegliere la borsetta a spalla mini perfetta<\/b><\/h2>\n<p class=\"p1\">Nella <b>scelta della borsetta a spalla mini perfetta<\/b>, \u00e8 importante considerare alcuni fattori chiave:<\/p>\n<ul class=\"ul1\">\n<li class=\"li1\"><b>Stile:<\/b> la borsetta deve abbinarsi al proprio stile personale e al tipo di outfit che si indossa pi\u00f9 frequentemente. Per un look classico, una <b>Borsetta in pelle nera o marrone<\/b> \u00e8 sempre un&#8217;ottima scelta. Per un look pi\u00f9 casual, una <b>borsetta in tessuto o con fantasie<\/b> potrebbe essere pi\u00f9 adatta.<\/li>\n<li class=\"li1\"><b>Dimensioni:<\/b> le <b>borsette a spalla mini<\/b> sono disponibili in diverse dimensioni. \u00c8 importante <b>scegliere una borsa che sia sufficientemente capiente<\/b> f\u00fcr die Aufnahme von wichtigen Gegenst\u00e4nden, wie z.B. Smartphone, Kinderwagen, Portafoglio und einem kleinen Koffer, ohne dass er zu unhandlich wird.<\/li>\n<li class=\"li1\"><b>Materiale:<\/b> le <b>borsette a spalla mini<\/b> sono realizzate con una variet\u00e0 di materiali, tra cui pelle, tessuto, metallo e persino ecopelle. La scelta del materiale dipende dalle proprie preferenze personali e dal budget a disposizione.<\/li>\n<li class=\"li1\"><b>Dettagli:<\/b> i dettagli possono fare la differentenza in una <b>borsetta a spalla mini<\/b>. Prestare attenzione a particolari come la chiusura, le cuciture, i bordi e gli accessori pu\u00f2 aiutare a scegliere una borsa di alta qualit\u00e0 e dal design ricercato.<\/li>\n<\/ul>\n<h2 class=\"p1\"><b>3. Come abbinare una borsetta a spalla mini<\/b><\/h2>\n<p class=\"p1\">Le <b>borsette a spalla mini<\/b> sono incredibilmente versatili e possono essere abbinate a qualsiasi tipo di outfit.<\/p>\n<p class=\"p1\">Ecco alcuni consigli per abbinarle al meglio:<\/p>\n<ul class=\"ul1\">\n<li class=\"li1\"><b>L\u00e4ssig aussehen:<\/b> abbina una <b>borsetta a spalla mini in tessuto o con fantasie<\/b> ein paar Jeans, ein T-Shirt und Turnschuhe f\u00fcr einen l\u00e4ssigen und trendigen Look.<\/li>\n<li class=\"li1\"><b>Elegant aussehen:<\/b> abbina una <b>borsetta a spalla mini in pelle<\/b> a un abito o una gonna e tacchi per un look elegantte e raffinato.<\/li>\n<li class=\"li1\"><b>Sehen Sie da sera:<\/b> abbina una <b>Mini-Miederhose aus Metall oder mit Pailletten<\/b> a un abito da sera per un look glamour e scintillante.<\/li>\n<li class=\"li1\"><b>Siehe da ufficio:<\/b> abbina una <b>borsetta a spalla mini in pelle<\/b> a un tailleur o a un completo pantalone per un look professionale e chic.<\/li>\n<\/ul>\n<h2 class=\"p1\"><b>4. Come utilizzare una borsetta a spalla mini<\/b><\/h2>\n<p class=\"p1\">Le <b>borsette a spalla mini<\/b> possono essere utilizzate in diversi modi:<\/p>\n<ul class=\"ul1\">\n<li class=\"li1\"><b>Indossata a spalla:<\/b> il modo pi\u00f9 classico per <b>indossare una borsetta a spalla mini<\/b> \u00e8 a spalla, appoggiata all&#8217;altezza del fianco.<\/li>\n<li class=\"li1\"><b>Indossata a tracolla:<\/b> alcune <b>borsette a spalla mini<\/b> hanno una tracolla regolabile che permette di indossarle a tracolla, liberando le mani.<\/li>\n<li class=\"li1\"><b>Indossata a mano:<\/b> le <b>borsette a spalla mini<\/b> possono anche essere indossate a mano, come una clutch, per un look pi\u00f9 elegante e raffinato.<\/li>\n<\/ul>\n<p class=\"p1\">Le <b>borsette a spalla mini<\/b> sono un <b>ein unverzichtbares Accessoire f\u00fcr jede Frau<\/b> che desidera aggiungere un tocco di eleganza e raffinatezza a qualsiasi outfit.<\/p>\n<p class=\"p1\">Con la loro versatilit\u00e0 e il loro stile senza tempo, le <b>borsette a spalla mini<\/b> Wir sind in der Lage, jede Frau bei jeder Gelegenheit zu begleiten, vom Arbeitstag bis zu einem besonderen Tag.<\/p>","protected":false},"featured_media":12787,"template":"","language":[244],"class_list":["post-12785","blog","type-blog","status-publish","has-post-thumbnail","hentry","language-italian"],"_links":{"self":[{"href":"https:\/\/demarquet.com\/de\/wp-json\/wp\/v2\/blog\/12785","targetHints":{"allow":["GET"]}}],"collection":[{"href":"https:\/\/demarquet.com\/de\/wp-json\/wp\/v2\/blog"}],"about":[{"href":"https:\/\/demarquet.com\/de\/wp-json\/wp\/v2\/types\/blog"}],"wp:featuredmedia":[{"embeddable":true,"href":"https:\/\/demarquet.com\/de\/wp-json\/wp\/v2\/media\/12787"}],"wp:attachment":[{"href":"https:\/\/demarquet.com\/de\/wp-json\/wp\/v2\/media?parent=12785"}],"wp:term":[{"taxonomy":"language","embeddable":true,"href":"https:\/\/demarquet.com\/de\/wp-json\/wp\/v2\/language?post=12785"}],"curies":[{"name":"wp","href":"https:\/\/api.w.org\/{rel}","templated":true}]}}